{"id":36064,"date":"2025-09-15T11:53:45","date_gmt":"2025-09-15T11:53:45","guid":{"rendered":"https:\/\/www.egroup.hu\/tavalyi-zsurimunkajat-kovetoen-dr-pongracz-ferenc-ismet-tagja-lesz-az-otio-biralobizottsaganak\/"},"modified":"2026-03-30T10:20:36","modified_gmt":"2026-03-30T10:20:36","slug":"tavalyi-zsurimunkajat-kovetoen-dr-pongracz-ferenc-ismet-tagja-lesz-az-otio-biralobizottsaganak","status":"publish","type":"post","link":"https:\/\/www.egroup.hu\/hu\/tavalyi-zsurimunkajat-kovetoen-dr-pongracz-ferenc-ismet-tagja-lesz-az-otio-biralobizottsaganak\/","title":{"rendered":"Tavalyi zs\u0171rimunk\u00e1j\u00e1t k\u00f6vet\u0151en Dr. Pongr\u00e1cz Ferenc ism\u00e9t tagja lesz az OTIO b\u00edr\u00e1l\u00f3bizotts\u00e1g\u00e1nak"},"content":{"rendered":"\n<p><strong>Az E-Group sz\u00e1m\u00e1ra a j\u00f6v\u0151 kulcsa a fiatal tehets\u00e9gekben rejlik. B\u00fcszk\u00e9k vagyunk r\u00e1, hogy operat\u00edv igazgat\u00f3nk, Dr. Pongr\u00e1cz Ferenc ism\u00e9t megh\u00edv\u00e1st kapott a szeptember 12-\u00e9n, a Budapesti M\u0171szaki \u00e9s Gazdas\u00e1gtudom\u00e1nyi Egyetemen meghirdet\u00e9sre ker\u00fclt 35. Orsz\u00e1gos Tudom\u00e1nyos \u00e9s Innov\u00e1ci\u00f3s Olimpia (OTIO) b\u00edr\u00e1l\u00f3bizotts\u00e1g\u00e1ba.<\/strong><\/p>\n\n<div class=\"wp-block-group is-layout-constrained\"><div class=\"wp-block-group__inner-container\">\n<figure class=\"wp-block-image size-full is-resized\"><img decoding=\"async\" loading=\"lazy\" src=\"https:\/\/www.egroup.hu\/wp-content\/uploads\/2025\/09\/Pongracz_Ferenc_crop.jpg\" alt=\"Ferenc_Pongracz\" class=\"wp-image-36042\" width=\"254\" height=\"236\"\/><\/figure>\n\n\n\n<p>Dr. Pongr\u00e1cz Ferenc \u00e9vek \u00f3ta a <a href=\"https:\/\/otio.hu\/PongraczFerenc.html\">zs\u0171ri tagjak\u00e9nt<\/a> seg\u00edti a fiatal tehets\u00e9gek kibontakoz\u00e1s\u00e1t, \u00e9s tavalyhoz hasonl\u00f3an id\u00e9n is megh\u00edv\u00e1st kapott a b\u00edr\u00e1l\u00f3bizotts\u00e1gba. Megh\u00edv\u00e1sa k\u00fcl\u00f6n\u00f6sen indokolt, hiszen a <a href=\"https:\/\/www.innovacio.hu\/1e_hu.php#e1\">Magyar Innov\u00e1ci\u00f3s Sz\u00f6vets\u00e9g v\u00e1lasztm\u00e1nyi tagjak\u00e9nt<\/a> is akt\u00edvan k\u00f6zrem\u0171k\u00f6dik a hazai innov\u00e1ci\u00f3s \u00f6kosziszt\u00e9ma er\u0151s\u00edt\u00e9s\u00e9ben. Hozz\u00e1j\u00e1rul\u00e1sa abban is kiemelked\u0151, hogy a versenyz\u0151k nemcsak tudom\u00e1nyos szempontb\u00f3l, hanem gyakorlati, \u00fczleti megk\u00f6zel\u00edt\u00e9sb\u0151l is \u00e9rt\u00e9kes visszajelz\u00e9st kapnak.<\/p>\n<\/div><\/div>\n\n<p>\u00c9ppen ez a kett\u0151ss\u00e9g \u2013 a tudom\u00e1nyos ig\u00e9nyess\u00e9g \u00e9s az alkalmazhat\u00f3s\u00e1g ir\u00e1nti \u00e9rz\u00e9kenys\u00e9g \u2013 teszi k\u00fcl\u00f6n\u00f6sen \u00e9rt\u00e9kess\u00e9 az \u0151 szerepv\u00e1llal\u00e1s\u00e1t a zs\u0171riben. Az \u00fajb\u00f3li felk\u00e9r\u00e9s annak elismer\u00e9se, hogy munk\u00e1ja val\u00f3di \u00e9rt\u00e9ket teremtett, \u00e9s a fiatalok fejl\u0151d\u00e9s\u00e9t hossz\u00fa t\u00e1von is seg\u00edtette.<\/p>\n\n<h4 class=\"wp-block-heading\">Mi\u00e9rt kiemelten fontos az OTIO?<\/h4>\n\n<p>Az Orsz\u00e1gos Tudom\u00e1nyos \u00e9s Innov\u00e1ci\u00f3s Olimpia a hazai tudom\u00e1nyos ut\u00e1np\u00f3tl\u00e1s egyik legfontosabb f\u00f3ruma. A verseny \u00e9vr\u0151l \u00e9vre arra \u00f6szt\u00f6nzi a 14\u201320 \u00e9ves fiatalokat, hogy merjenek nagyot \u00e1lmodni, \u00e9s projektjeikkel bel\u00e9pjenek a kutat\u00e1s-fejleszt\u00e9s vil\u00e1g\u00e1ba.<\/p>\n\n<p>Az OTIO siker\u00e9nek h\u00e1tter\u00e9ben a nemzetk\u00f6zi kapcsol\u00f3d\u00e1s is ott \u00e1ll: a verseny szervesen kapcsol\u00f3dik az Eur\u00f3pai Uni\u00f3 Fiatal Tud\u00f3sok Verseny\u00e9hez, ahol a magyar di\u00e1kok az elm\u00falt h\u00e1rom \u00e9vtizedben sz\u00e1mos rangos d\u00edjat nyertek. Haz\u00e1nk jelenleg az EU \u00f6sszes\u00edtett \u00e9remt\u00e1bl\u00e1zat\u00e1n az 5. helyet foglalja el \u2013 ez \u00f6nmag\u00e1\u00e9rt besz\u00e9l.<\/p>\n\n<p>A zs\u0171ri munk\u00e1ja itt k\u00fcl\u00f6n\u00f6sen nagy felel\u0151ss\u00e9g. Nem csup\u00e1n a projektek \u00e9rt\u00e9kel\u00e9s\u00e9r\u0151l van sz\u00f3, hanem arr\u00f3l, hogy a fiatalok inspir\u00e1ci\u00f3t, szakmai ir\u00e1nymutat\u00e1st \u00e9s val\u00f3di t\u00e1mogat\u00e1st kapjanak.<\/p>\n\n<h4 class=\"wp-block-heading\">Az E-Group szeml\u00e9lete a j\u00f6v\u0151r\u0151l<\/h4>\n\n<p>Az E-Groupn\u00e1l hisz\u00fcnk abban, hogy az innov\u00e1ci\u00f3 nem \u00f6nmag\u00e1\u00e9rt val\u00f3, hanem akkor v\u00e1lik igaz\u00e1n \u00e9rt\u00e9kess\u00e9, ha a t\u00e1rsadalom \u00e9s a gazdas\u00e1g sz\u00e1m\u00e1ra is k\u00e9zzelfoghat\u00f3 eredm\u00e9nyeket hoz. Ez a szeml\u00e9let tal\u00e1lkozik az OTIO c\u00e9ljaival: a tehets\u00e9gek nemcsak felfedezik, hanem fejleszthetik is \u00f6tleteiket, hogy k\u00e9s\u0151bb glob\u00e1lisan is versenyk\u00e9pes megold\u00e1sokat hozzanak l\u00e9tre.<\/p>\n\n<p>Dr. Pongr\u00e1cz szakmai tapasztalata \u2013 amely a tudom\u00e1nyos gondolkod\u00e1s \u00e9s az \u00fczleti megval\u00f3s\u00edthat\u00f3s\u00e1g \u00f6tv\u00f6z\u00e9s\u00e9n alapul \u2013 pontosan ezt a hidat k\u00e9pes megteremteni a fiatal versenyz\u0151k sz\u00e1m\u00e1ra.<\/p>\n\n<p>2025. szeptember 12-\u00e9n \u00fcnnep\u00e9lyes keretek k\u00f6z\u00f6tt indult \u00fatj\u00e1ra a 35. OTIO a BME-n. Mi biztosak vagyunk benne, hogy az idei \u00e9v is sz\u00e1mos kiemelked\u0151 tehets\u00e9get \u00e9s inspir\u00e1l\u00f3 projektet hoz.<\/p>\n\n<p>Az E-Group sz\u00e1m\u00e1ra megtiszteltet\u00e9s, hogy Dr. Pongr\u00e1cz Ferenc r\u00e9v\u00e9n k\u00f6zvetlen\u00fcl is r\u00e9szesei lehet\u00fcnk ennek a nemzeti \u00fcgynek. Mert aki ma seg\u00edti a fiatalokat, az holnap egy tud\u00e1salap\u00fa, versenyk\u00e9pes Magyarorsz\u00e1g \u00e9p\u00edt\u00e9s\u00e9ben j\u00e1tszik kulcsszerepet.<\/p>\n\n<div style=\"height:20px\" aria-hidden=\"true\" class=\"wp-block-spacer\"><\/div>\n\n<hr class=\"wp-block-separator has-alpha-channel-opacity\"\/>\n\n<div style=\"height:20px\" aria-hidden=\"true\" class=\"wp-block-spacer\"><\/div>\n\n<p>OTIO website: <a href=\"https:\/\/otio.hu\/index.html\">https:\/\/otio.hu\/index.html<\/a><\/p>\n\n<p>K\u00e9p forr\u00e1sa: <a href=\"https:\/\/www.bme.hu\/hirek\/250913\/orszagos-tudomanyos-innovacios-olimpia\">https:\/\/www.bme.hu\/hirek\/250913\/orszagos-tudomanyos-innovacios-olimpia<\/a><\/p>\n\n<p><\/p>\n","protected":false},"excerpt":{"rendered":"<p>Az E-Group sz\u00e1m\u00e1ra a j\u00f6v\u0151 kulcsa a fiatal tehets\u00e9gekben rejlik. B\u00fcszk\u00e9k vagyunk r\u00e1, hogy operat\u00edv igazgat\u00f3nk, Dr. Pongr\u00e1cz Ferenc ism\u00e9t megh\u00edv\u00e1st kapott a szeptember 12-\u00e9n, a Budapesti M\u0171szaki \u00e9s Gazdas\u00e1gtudom\u00e1nyi Egyetemen meghirdet\u00e9sre ker\u00fclt 35. Orsz\u00e1gos Tudom\u00e1nyos \u00e9s Innov\u00e1ci\u00f3s Olimpia (OTIO) b\u00edr\u00e1l\u00f3bizotts\u00e1g\u00e1ba.<\/p>\n","protected":false},"author":1,"featured_media":36040,"comment_status":"closed","ping_status":"open","sticky":false,"template":"","format":"standard","meta":[],"categories":[90,184],"tags":[338,464,675,676],"yoast_head":"<!-- This site is optimized with the Yoast SEO plugin v20.12 - https:\/\/yoast.com\/wordpress\/plugins\/seo\/ -->\n<title>Tavalyi zs\u0171rimunk\u00e1j\u00e1t k\u00f6vet\u0151en Dr. Pongr\u00e1cz Ferenc ism\u00e9t tagja lesz az OTIO b\u00edr\u00e1l\u00f3bizotts\u00e1g\u00e1nak - E-Group<\/title>\n<meta name=\"robots\" content=\"index, follow, max-snippet:-1, max-image-preview:large, max-video-preview:-1\" \/>\n<link rel=\"canonical\" href=\"https:\/\/www.egroup.hu\/hu\/tavalyi-zsurimunkajat-kovetoen-dr-pongracz-ferenc-ismet-tagja-lesz-az-otio-biralobizottsaganak\/\" \/>\n<meta property=\"og:locale\" content=\"hu_HU\" \/>\n<meta property=\"og:type\" content=\"article\" \/>\n<meta property=\"og:title\" content=\"Tavalyi zs\u0171rimunk\u00e1j\u00e1t k\u00f6vet\u0151en Dr. Pongr\u00e1cz Ferenc ism\u00e9t tagja lesz az OTIO b\u00edr\u00e1l\u00f3bizotts\u00e1g\u00e1nak - E-Group\" \/>\n<meta property=\"og:description\" content=\"Az E-Group sz\u00e1m\u00e1ra a j\u00f6v\u0151 kulcsa a fiatal tehets\u00e9gekben rejlik. B\u00fcszk\u00e9k vagyunk r\u00e1, hogy operat\u00edv igazgat\u00f3nk, Dr. Pongr\u00e1cz Ferenc ism\u00e9t megh\u00edv\u00e1st kapott a szeptember 12-\u00e9n, a Budapesti M\u0171szaki \u00e9s Gazdas\u00e1gtudom\u00e1nyi Egyetemen meghirdet\u00e9sre ker\u00fclt 35. Orsz\u00e1gos Tudom\u00e1nyos \u00e9s Innov\u00e1ci\u00f3s Olimpia (OTIO) b\u00edr\u00e1l\u00f3bizotts\u00e1g\u00e1ba.\" \/>\n<meta property=\"og:url\" content=\"https:\/\/www.egroup.hu\/hu\/tavalyi-zsurimunkajat-kovetoen-dr-pongracz-ferenc-ismet-tagja-lesz-az-otio-biralobizottsaganak\/\" \/>\n<meta property=\"og:site_name\" content=\"E-Group\" \/>\n<meta property=\"article:published_time\" content=\"2025-09-15T11:53:45+00:00\" \/>\n<meta property=\"article:modified_time\" content=\"2026-03-30T10:20:36+00:00\" \/>\n<meta property=\"og:image\" content=\"https:\/\/www.egroup.hu\/wp-content\/uploads\/2025\/09\/otio.jpg\" \/>\n\t<meta property=\"og:image:width\" content=\"624\" \/>\n\t<meta property=\"og:image:height\" content=\"416\" \/>\n\t<meta property=\"og:image:type\" content=\"image\/jpeg\" \/>\n<meta name=\"author\" content=\"sandboxadmin\" \/>\n<meta name=\"twitter:card\" content=\"summary_large_image\" \/>\n<meta name=\"twitter:label1\" content=\"Szerz\u0151:\" \/>\n\t<meta name=\"twitter:data1\" content=\"sandboxadmin\" \/>\n\t<meta name=\"twitter:label2\" content=\"Becs\u00fclt olvas\u00e1si id\u0151\" \/>\n\t<meta name=\"twitter:data2\" content=\"3 perc\" \/>\n<script type=\"application\/ld+json\" class=\"yoast-schema-graph\">{\"@context\":\"https:\/\/schema.org\",\"@graph\":[{\"@type\":\"WebPage\",\"@id\":\"https:\/\/www.egroup.hu\/hu\/tavalyi-zsurimunkajat-kovetoen-dr-pongracz-ferenc-ismet-tagja-lesz-az-otio-biralobizottsaganak\/\",\"url\":\"https:\/\/www.egroup.hu\/hu\/tavalyi-zsurimunkajat-kovetoen-dr-pongracz-ferenc-ismet-tagja-lesz-az-otio-biralobizottsaganak\/\",\"name\":\"Tavalyi zs\u0171rimunk\u00e1j\u00e1t k\u00f6vet\u0151en Dr. Pongr\u00e1cz Ferenc ism\u00e9t tagja lesz az OTIO b\u00edr\u00e1l\u00f3bizotts\u00e1g\u00e1nak - E-Group\",\"isPartOf\":{\"@id\":\"https:\/\/www.egroup.hu\/hu\/#website\"},\"datePublished\":\"2025-09-15T11:53:45+00:00\",\"dateModified\":\"2026-03-30T10:20:36+00:00\",\"author\":{\"@id\":\"https:\/\/www.egroup.hu\/hu\/#\/schema\/person\/4d63e16698f48c46b8cfdf5bc06b266a\"},\"inLanguage\":\"hu\",\"potentialAction\":[{\"@type\":\"ReadAction\",\"target\":[\"https:\/\/www.egroup.hu\/hu\/tavalyi-zsurimunkajat-kovetoen-dr-pongracz-ferenc-ismet-tagja-lesz-az-otio-biralobizottsaganak\/\"]}]},{\"@type\":\"WebSite\",\"@id\":\"https:\/\/www.egroup.hu\/hu\/#website\",\"url\":\"https:\/\/www.egroup.hu\/hu\/\",\"name\":\"E-Group\",\"description\":\"E-Group ICT Software\",\"potentialAction\":[{\"@type\":\"SearchAction\",\"target\":{\"@type\":\"EntryPoint\",\"urlTemplate\":\"https:\/\/www.egroup.hu\/hu\/?s={search_term_string}\"},\"query-input\":\"required name=search_term_string\"}],\"inLanguage\":\"hu\"},{\"@type\":\"Person\",\"@id\":\"https:\/\/www.egroup.hu\/hu\/#\/schema\/person\/4d63e16698f48c46b8cfdf5bc06b266a\",\"name\":\"sandboxadmin\",\"image\":{\"@type\":\"ImageObject\",\"inLanguage\":\"hu\",\"@id\":\"https:\/\/www.egroup.hu\/hu\/#\/schema\/person\/image\/\",\"url\":\"https:\/\/secure.gravatar.com\/avatar\/a7b669a0127a212c4b535dd61c0b38cd?s=96&d=mm&r=g\",\"contentUrl\":\"https:\/\/secure.gravatar.com\/avatar\/a7b669a0127a212c4b535dd61c0b38cd?s=96&d=mm&r=g\",\"caption\":\"sandboxadmin\"},\"sameAs\":[\"https:\/\/www.egroup.hu\"],\"url\":\"https:\/\/www.egroup.hu\/hu\/author\/sandboxadmin\/\"}]}<\/script>\n<!-- \/ Yoast SEO plugin. -->","yoast_head_json":{"title":"Tavalyi zs\u0171rimunk\u00e1j\u00e1t k\u00f6vet\u0151en Dr. Pongr\u00e1cz Ferenc ism\u00e9t tagja lesz az OTIO b\u00edr\u00e1l\u00f3bizotts\u00e1g\u00e1nak - E-Group","robots":{"index":"index","follow":"follow","max-snippet":"max-snippet:-1","max-image-preview":"max-image-preview:large","max-video-preview":"max-video-preview:-1"},"canonical":"https:\/\/www.egroup.hu\/hu\/tavalyi-zsurimunkajat-kovetoen-dr-pongracz-ferenc-ismet-tagja-lesz-az-otio-biralobizottsaganak\/","og_locale":"hu_HU","og_type":"article","og_title":"Tavalyi zs\u0171rimunk\u00e1j\u00e1t k\u00f6vet\u0151en Dr. Pongr\u00e1cz Ferenc ism\u00e9t tagja lesz az OTIO b\u00edr\u00e1l\u00f3bizotts\u00e1g\u00e1nak - E-Group","og_description":"Az E-Group sz\u00e1m\u00e1ra a j\u00f6v\u0151 kulcsa a fiatal tehets\u00e9gekben rejlik. B\u00fcszk\u00e9k vagyunk r\u00e1, hogy operat\u00edv igazgat\u00f3nk, Dr. Pongr\u00e1cz Ferenc ism\u00e9t megh\u00edv\u00e1st kapott a szeptember 12-\u00e9n, a Budapesti M\u0171szaki \u00e9s Gazdas\u00e1gtudom\u00e1nyi Egyetemen meghirdet\u00e9sre ker\u00fclt 35. Orsz\u00e1gos Tudom\u00e1nyos \u00e9s Innov\u00e1ci\u00f3s Olimpia (OTIO) b\u00edr\u00e1l\u00f3bizotts\u00e1g\u00e1ba.","og_url":"https:\/\/www.egroup.hu\/hu\/tavalyi-zsurimunkajat-kovetoen-dr-pongracz-ferenc-ismet-tagja-lesz-az-otio-biralobizottsaganak\/","og_site_name":"E-Group","article_published_time":"2025-09-15T11:53:45+00:00","article_modified_time":"2026-03-30T10:20:36+00:00","og_image":[{"width":624,"height":416,"url":"https:\/\/www.egroup.hu\/wp-content\/uploads\/2025\/09\/otio.jpg","type":"image\/jpeg"}],"author":"sandboxadmin","twitter_card":"summary_large_image","twitter_misc":{"Szerz\u0151:":"sandboxadmin","Becs\u00fclt olvas\u00e1si id\u0151":"3 perc"},"schema":{"@context":"https:\/\/schema.org","@graph":[{"@type":"WebPage","@id":"https:\/\/www.egroup.hu\/hu\/tavalyi-zsurimunkajat-kovetoen-dr-pongracz-ferenc-ismet-tagja-lesz-az-otio-biralobizottsaganak\/","url":"https:\/\/www.egroup.hu\/hu\/tavalyi-zsurimunkajat-kovetoen-dr-pongracz-ferenc-ismet-tagja-lesz-az-otio-biralobizottsaganak\/","name":"Tavalyi zs\u0171rimunk\u00e1j\u00e1t k\u00f6vet\u0151en Dr. Pongr\u00e1cz Ferenc ism\u00e9t tagja lesz az OTIO b\u00edr\u00e1l\u00f3bizotts\u00e1g\u00e1nak - E-Group","isPartOf":{"@id":"https:\/\/www.egroup.hu\/hu\/#website"},"datePublished":"2025-09-15T11:53:45+00:00","dateModified":"2026-03-30T10:20:36+00:00","author":{"@id":"https:\/\/www.egroup.hu\/hu\/#\/schema\/person\/4d63e16698f48c46b8cfdf5bc06b266a"},"inLanguage":"hu","potentialAction":[{"@type":"ReadAction","target":["https:\/\/www.egroup.hu\/hu\/tavalyi-zsurimunkajat-kovetoen-dr-pongracz-ferenc-ismet-tagja-lesz-az-otio-biralobizottsaganak\/"]}]},{"@type":"WebSite","@id":"https:\/\/www.egroup.hu\/hu\/#website","url":"https:\/\/www.egroup.hu\/hu\/","name":"E-Group","description":"E-Group ICT Software","potentialAction":[{"@type":"SearchAction","target":{"@type":"EntryPoint","urlTemplate":"https:\/\/www.egroup.hu\/hu\/?s={search_term_string}"},"query-input":"required name=search_term_string"}],"inLanguage":"hu"},{"@type":"Person","@id":"https:\/\/www.egroup.hu\/hu\/#\/schema\/person\/4d63e16698f48c46b8cfdf5bc06b266a","name":"sandboxadmin","image":{"@type":"ImageObject","inLanguage":"hu","@id":"https:\/\/www.egroup.hu\/hu\/#\/schema\/person\/image\/","url":"https:\/\/secure.gravatar.com\/avatar\/a7b669a0127a212c4b535dd61c0b38cd?s=96&d=mm&r=g","contentUrl":"https:\/\/secure.gravatar.com\/avatar\/a7b669a0127a212c4b535dd61c0b38cd?s=96&d=mm&r=g","caption":"sandboxadmin"},"sameAs":["https:\/\/www.egroup.hu"],"url":"https:\/\/www.egroup.hu\/hu\/author\/sandboxadmin\/"}]}},"_links":{"self":[{"href":"https:\/\/www.egroup.hu\/hu\/wp-json\/wp\/v2\/posts\/36064"}],"collection":[{"href":"https:\/\/www.egroup.hu\/hu\/wp-json\/wp\/v2\/posts"}],"about":[{"href":"https:\/\/www.egroup.hu\/hu\/wp-json\/wp\/v2\/types\/post"}],"author":[{"embeddable":true,"href":"https:\/\/www.egroup.hu\/hu\/wp-json\/wp\/v2\/users\/1"}],"replies":[{"embeddable":true,"href":"https:\/\/www.egroup.hu\/hu\/wp-json\/wp\/v2\/comments?post=36064"}],"version-history":[{"count":7,"href":"https:\/\/www.egroup.hu\/hu\/wp-json\/wp\/v2\/posts\/36064\/revisions"}],"predecessor-version":[{"id":36158,"href":"https:\/\/www.egroup.hu\/hu\/wp-json\/wp\/v2\/posts\/36064\/revisions\/36158"}],"wp:featuredmedia":[{"embeddable":true,"href":"https:\/\/www.egroup.hu\/hu\/wp-json\/wp\/v2\/media\/36040"}],"wp:attachment":[{"href":"https:\/\/www.egroup.hu\/hu\/wp-json\/wp\/v2\/media?parent=36064"}],"wp:term":[{"taxonomy":"category","embeddable":true,"href":"https:\/\/www.egroup.hu\/hu\/wp-json\/wp\/v2\/categories?post=36064"},{"taxonomy":"post_tag","embeddable":true,"href":"https:\/\/www.egroup.hu\/hu\/wp-json\/wp\/v2\/tags?post=36064"}],"curies":[{"name":"wp","href":"https:\/\/api.w.org\/{rel}","templated":true}]}}