{"id":34848,"date":"2023-06-15T13:42:28","date_gmt":"2023-06-15T13:42:28","guid":{"rendered":"https:\/\/www.egroup.hu\/dome-az-eu-uj-informatikai-felhoprojektje-a-magyar-e-group-kiemelt-reszvetelevel\/"},"modified":"2023-10-09T10:33:44","modified_gmt":"2023-10-09T10:33:44","slug":"dome-az-eu-uj-informatikai-felhoprojektje-a-magyar-e-group-kiemelt-reszvetelevel","status":"publish","type":"post","link":"https:\/\/www.egroup.hu\/hu\/dome-az-eu-uj-informatikai-felhoprojektje-a-magyar-e-group-kiemelt-reszvetelevel\/","title":{"rendered":"DOME, az EU \u00faj informatikai felh\u0151projektje, a magyar E-GROUP kiemelt r\u00e9szv\u00e9tel\u00e9vel"},"content":{"rendered":"\n<p>Az E-GROUP ICT SOFTWARE Zrt., (1993) a hazai adat, mesters\u00e9ges intelligencia \u00e9s adatv\u00e9delmi informatika ter\u00fclet\u00e9n vezet\u0151 innov\u00e1ci\u00f3s v\u00e1llalatk\u00e9nt k\u00e9pviseli Magyarorsz\u00e1got az Eur\u00f3pai Uni\u00f3 leg\u00fajabb, DOME (Distributed Open Marketplace for Cloud and Edge Services) elnevez\u00e9s\u0171 projektj\u00e9ben. A c\u00e9l az eur\u00f3pai felh\u0151alap\u00fa (cloud-to-edge) infrastrukt\u00fara \u00e9s szolg\u00e1ltat\u00e1sok t\u00e1mogat\u00e1sa, ennek keret\u00e9ben egy egys\u00e9ges hozz\u00e1f\u00e9r\u00e9si port\u00e1l l\u00e9trehoz\u00e1sa.<\/p>\n\n<p>Az E-GROUP meghat\u00e1roz\u00f3 szerepet v\u00e1llal a fizet\u00e9si alrendszerek kidolgoz\u00e1s\u00e1ban \u00e9s a bizalmi azonos\u00edt\u00e1si k\u00f6rnyezet megtervez\u00e9s\u00e9ben.<\/p>\n\n<p>A magyar E-GROUP ipar\u00e1gspecifikus, kiemelked\u0151 adattudom\u00e1nyi, adatv\u00e9delmi \u00e9s szoftverm\u00e9rn\u00f6ki szak\u00e9rtelm\u00e9re \u00e9p\u00edtve, akt\u00edvan fejleszt szoftvertechnol\u00f3giai megold\u00e1sokat, valamint r\u00e9szt vesz innovat\u00edv kutat\u00e1sokban. A l\u00e9trej\u00f6v\u0151 m\u00e9lytechnol\u00f3giai (deep tech) megold\u00e1sokat, ipari projekteken kereszt\u00fcl hasznos\u00edtja. A t\u00e1rsas\u00e1g legfontosabb adatalap\u00fa innov\u00e1ci\u00f3s ter\u00fcletei k\u00f6z\u00e9 tartozik a P\u00e9nz\u00fcgy (FinTech), Eg\u00e9szs\u00e9g\u00fcgy (HealthTech), Korm\u00e1nyzat (GovTech), Energetika (EnergyTech), valamint az \u0170rkutat\u00e1s (SpaceTech).<\/p>\n\n<p>Az E-GROUP, t\u00f6bb \u00e9vtizedes nemzetk\u00f6zi kutat\u00e1si tapasztalataira \u00e9p\u00edtve, hat\u00e9konyan m\u0171k\u00f6dik egy\u00fctt a 14 orsz\u00e1g kiemelked\u0151 konzorciumi partnereivel, hogy megval\u00f3s\u00edts\u00e1k az Eur\u00f3pa digit\u00e1lis j\u00f6v\u0151k\u00e9p\u00e9ben kiemelt fontoss\u00e1g\u00fa, Cloud \u00e9s Edge Szolg\u00e1ltat\u00e1sok Elosztott Ny\u00edlt Piacter\u00e9nek kialak\u00edt\u00e1s\u00e1t. <\/p>\n\n<p>A projektet a DOME-A Distributed Open Marketplace for Europe Cloud and Edge Services projekt \u00e9s annak tagjai t\u00e1mogatj\u00e1k, bele\u00e9rtve az Eur\u00f3pai Bizotts\u00e1g t\u00e1mogat\u00e1s\u00e1t.<\/p>\n\n<figure class=\"wp-block-image size-full is-resized\"><img decoding=\"async\" loading=\"lazy\" src=\"https:\/\/www.egroup.hu\/wp-content\/uploads\/2023\/10\/co-founded-by-eu.png\" alt=\"\" class=\"wp-image-35307\" width=\"326\" height=\"69\" srcset=\"https:\/\/www.egroup.hu\/wp-content\/uploads\/2023\/10\/co-founded-by-eu.png 490w, https:\/\/www.egroup.hu\/wp-content\/uploads\/2023\/10\/co-founded-by-eu-300x63.png 300w\" sizes=\"(max-width: 326px) 100vw, 326px\" \/><\/figure>\n<figure class=\"wp-block-image size-full is-resized\"><img decoding=\"async\" loading=\"lazy\" src=\"https:\/\/www.egroup.hu\/wp-content\/uploads\/2023\/10\/eccc.png\" alt=\"\" class=\"wp-image-35319\" width=\"124\" height=\"40\" srcset=\"https:\/\/www.egroup.hu\/wp-content\/uploads\/2023\/10\/eccc.png 393w, https:\/\/www.egroup.hu\/wp-content\/uploads\/2023\/10\/eccc-300x98.png 300w\" sizes=\"(max-width: 124px) 100vw, 124px\" \/><\/figure>\n<figure class=\"wp-block-image size-full is-resized\"><img decoding=\"async\" loading=\"lazy\" src=\"https:\/\/www.egroup.hu\/wp-content\/uploads\/2023\/10\/Euro_HPC-_logo.jpg\" alt=\"\" class=\"wp-image-35316\" width=\"179\" height=\"54\" srcset=\"https:\/\/www.egroup.hu\/wp-content\/uploads\/2023\/10\/Euro_HPC-_logo.jpg 870w, https:\/\/www.egroup.hu\/wp-content\/uploads\/2023\/10\/Euro_HPC-_logo-300x90.jpg 300w, https:\/\/www.egroup.hu\/wp-content\/uploads\/2023\/10\/Euro_HPC-_logo-768x230.jpg 768w\" sizes=\"(max-width: 179px) 100vw, 179px\" \/><\/figure>\n<p><strong>web:<\/strong><br\/><a href=\"https:\/\/dome-marketplace.eu\/\">https:\/\/dome-marketplace.eu\/<\/a><\/p>\n\n<p><strong>DOME hivatalos sajt\u00f3h\u00edr (angolul):<\/strong><br\/><a href=\"https:\/\/dome-marketplace.eu\/launch-of-dome-marketplace-for-cloud-services-in-europe-press-release\/\">https:\/\/dome-marketplace.eu\/launch-of-dome-marketplace-for-cloud-services-in-europe-press-release\/<\/a><\/p>\n\n<div style=\"height:100px\" aria-hidden=\"true\" class=\"wp-block-spacer\"><\/div>\n\n<hr class=\"wp-block-separator has-css-opacity is-style-wide\"\/>\n\n<div style=\"height:46px\" aria-hidden=\"true\" class=\"wp-block-spacer\"><\/div>\n\n<div class=\"wp-block-columns is-layout-flex wp-container-3\">\n<div class=\"wp-block-column is-vertically-aligned-center is-layout-flow\">\n<h5 class=\"wp-block-heading\">DOME hivatalos sajt\u00f3h\u00edre<\/h5>\n<\/div>\n\n\n\n<div class=\"wp-block-column is-vertically-aligned-center is-layout-flow\"><div class=\"wp-block-image\">\n<figure class=\"alignright size-large is-resized\"><img decoding=\"async\" loading=\"lazy\" src=\"https:\/\/www.egroup.hu\/wp-content\/uploads\/2023\/06\/logo_dome.png\" alt=\"\" class=\"wp-image-34788\" width=\"232\" height=\"81\" srcset=\"https:\/\/www.egroup.hu\/wp-content\/uploads\/2023\/06\/logo_dome.png 800w, https:\/\/www.egroup.hu\/wp-content\/uploads\/2023\/06\/logo_dome-300x105.png 300w, https:\/\/www.egroup.hu\/wp-content\/uploads\/2023\/06\/logo_dome-768x269.png 768w\" sizes=\"(max-width: 232px) 100vw, 232px\" \/><\/figure><\/div><\/div>\n<\/div>\n\n<hr class=\"wp-block-separator has-css-opacity is-style-wide\"\/>\n\n<div style=\"height:35px\" aria-hidden=\"true\" class=\"wp-block-spacer\"><\/div>\n\n<h4 class=\"wp-block-heading\">\u00daj EU projekt indult DOME elnevez\u00e9ssel, amelynek c\u00e9lja, hogy l\u00e9trehozzon egy eur\u00f3pai elosztott, ny\u00edlt piacteret, a Cloud \u00e9s Edge szolg\u00e1ltat\u00e1sok (kiterjesztett felh\u0151szolg\u00e1ltat\u00e1sok) sz\u00e1m\u00e1ra<\/h4>\n\n<p>Berlin, 2023. j\u00fanius 5.<\/p>\n\n<div style=\"height:30px\" aria-hidden=\"true\" class=\"wp-block-spacer\"><\/div>\n\n<p>A 14 eur\u00f3pai orsz\u00e1g, 38 szervezet\u00e9b\u0151l \u00e1ll\u00f3 konzorcium elind\u00edtotta a <strong><a href=\"https:\/\/dome-marketplace.eu\/\">DOME<\/a><\/strong> (<strong>D<\/strong>istributed <strong>O<\/strong>pen <strong>M<\/strong>arketplace for Cloud and <strong>E<\/strong>dge Services) projektj\u00e9t, amely az eur\u00f3pai felh\u0151alap\u00fa (cloud-to-edge) infrastrukt\u00fara \u00e9s szolg\u00e1ltat\u00e1sok t\u00e1mogat\u00e1s\u00e1t t\u0171zte ki c\u00e9lul, ennek keret\u00e9ben egy egys\u00e9ges hozz\u00e1f\u00e9r\u00e9si port\u00e1lt hoz l\u00e9tre. A projekt nagy hangs\u00falyt fektet, hogy a port\u00e1lt a szolg\u00e1ltat\u00f3k \u00e9s a fogyaszt\u00f3k egyar\u00e1nt felhaszn\u00e1l\u00f3bar\u00e1t, inkluz\u00edv \u00e9s egyenl\u0151 felt\u00e9telekkel tudj\u00e1k haszn\u00e1lni. A DOME a m\u00e1r l\u00e9tez\u0151 felh\u0151- \u00e9s platformszolg\u00e1ltat\u00f3k k\u00edn\u00e1lat\u00e1hoz kapcsol\u00f3d\u00f3 f\u00fcggetlen cloud-to-edge alap\u00fa piacterek szolg\u00e1ltat\u00e1si aj\u00e1nlatait, egy egyes\u00edtett online katal\u00f3gus form\u00e1j\u00e1ban teszi el\u00e9rhet\u0151v\u00e9.<\/p>\n\n<p>A Cloud Computingra, Eur\u00f3pa digit\u00e1lis j\u00f6v\u0151j\u00e9nek k\u00f6zponti elemek\u00e9nt tekintenek, amely az eur\u00f3pai v\u00e1llalkoz\u00e1sok \u00e9s k\u00f6zint\u00e9zm\u00e9nyek sz\u00e1m\u00e1ra biztos\u00edtja a digit\u00e1lis \u00e1talakul\u00e1sukhoz sz\u00fcks\u00e9ges adatfeldolgoz\u00e1si k\u00e9pess\u00e9get. Az Eur\u00f3pai Bizotts\u00e1g digit\u00e1lis strat\u00e9gi\u00e1j\u00e1nak c\u00e9lkit\u0171z\u00e9seit megval\u00f3s\u00edtva,  olyan uni\u00f3s programokon kereszt\u00fcl &#8211; amilyen a Digital Europe Programme \u00e9s az Connecting Europe Facility &#8211; , az Eur\u00f3pai Bizotts\u00e1g int\u00e9zked\u00e9seket javasol az alapvet\u0151 kapacit\u00e1sok ki\u00e9p\u00edt\u00e9s\u00e9re. Ezeket az int\u00e9zked\u00e9seket a tag\u00e1llamokkal k\u00f6z\u00f6sen, \u00faj, nagy teljes\u00edtm\u00e9ny\u0171 digit\u00e1lis infrastrukt\u00far\u00e1kba \u00e9s szolg\u00e1ltat\u00e1sokba t\u00f6rt\u00e9n\u0151 beruh\u00e1z\u00e1ssal, valamint a rendelkez\u00e9sre \u00e1ll\u00f3 kapacit\u00e1sok uni\u00f3s \u00e9s nemzeti szint\u0171 korszer\u0171s\u00edt\u00e9s\u00e9vel \u00e9s konszolid\u00e1l\u00e1s\u00e1val \u00e9rik el.<\/p>\n\n<p>Ebben az \u00f6sszef\u00fcgg\u00e9sben az Eur\u00f3pai Bizotts\u00e1g fokozta a kiterjesztett felh\u0151szolg\u00e1ltat\u00e1sokra (cloud-to-edge) \u00e9p\u00fcl\u0151 infrastrukt\u00fara \u00e9s szolg\u00e1ltat\u00e1sok ki\u00e9p\u00edt\u00e9s\u00e9t t\u00e1mogat\u00f3 er\u0151fesz\u00edt\u00e9seit:<\/p>\n\n<ul>\n<li>Improve the availability of highly trustworthy, curated cloud and edge services that serve the interests of crucial sectors dealing with sensitive data, such as the public sector.<\/li>\n\n\n\n<li>Increase the uptake of cloud-to-edge services among public and private entities alike and in vertical sectors that lag in cloud adoption, such as the European health sector.<\/li>\n\n\n\n<li>Reinforce the EU\u2019s open strategic autonomy, ensuring that the digital transformation of the economy is undertaken based on secure, fair, inclusive, and resource-efcient infrastructures and services.<\/li>\n<\/ul>\n\n<p><em>&#8222;A projekt konzorcium v\u00edzi\u00f3ja egy olyan dinamikus \u00f6kosziszt\u00e9ma l\u00e9trehoz\u00e1sa, amely egyes\u00edti a cloud-to-edge szolg\u00e1ltat\u00e1sok valamennyi szerepl\u0151j\u00e9t, bele\u00e9rtve az infrastruktur\u00e1lis oldalt, az adatszolg\u00e1ltat\u00f3kat, a platformszolg\u00e1ltat\u00f3kat, a szolg\u00e1ltat\u00e1sintegr\u00e1torokat, a tan\u00fas\u00edt\u00f3 \u00fcgyn\u00f6ks\u00e9geket \u00e9s a k\u00fcl\u00f6nb\u00f6z\u0151 \u00fcgyfeleket minden \u00e1gazatb\u00f3l. C\u00e9lunk, hogy a jelenlegi gyakorlatok racionaliz\u00e1l\u00e1s\u00e1val, az uni\u00f3s v\u00e1s\u00e1rl\u00f3k sz\u00e1m\u00e1ra minden eddigin\u00e9l b\u0151vebb lehet\u0151s\u00e9geket biztos\u00edtva, fellend\u00edts\u00fck az EU felh\u0151ipar\u00e1t&#8221; <\/em>&#8211; mondta <strong>Giovanni Frattini<\/strong>, az Engineering Ingegneria Informatica Spa m\u0171szaki vezet\u0151je \u00e9s a projekt vezet\u0151je.<\/p>\n\n<div style=\"height:40px\" aria-hidden=\"true\" class=\"wp-block-spacer\"><\/div>\n\n<h4 class=\"wp-block-heading\">DOME &#8211; Elosztott Ny\u00edlt Piact\u00e9r, Cloud \u00e9s Edge Szolg\u00e1ltat\u00e1sok sz\u00e1m\u00e1ra, Eur\u00f3p\u00e1ban<\/h4>\n\n<p>A <a href=\"https:\/\/ec.europa.eu\/info\/funding-tenders\/opportunities\/portal\/screen\/opportunities\/topic-details\/digital-2021-cloud-ai-01-data-tech\">Digital Europe Programme<\/a> program els\u0151 felh\u00edv\u00e1sa (DIGITAL-2021-CLOUD-AI-01) azzal a c\u00e9llal j\u00f6tt l\u00e9tre, hogy fellend\u00edtse a Cloud \u00e9s Edge szolg\u00e1ltat\u00e1sok eur\u00f3pai elterjed\u00e9s\u00e9t. A Cloud \u00e9s Edge szolg\u00e1ltat\u00e1sok egyes\u00edtett piac\u00e1nak ki\u00e9p\u00edt\u00e9s\u00e9re \u00e9s m\u0171k\u00f6dtet\u00e9s\u00e9re ir\u00e1nyul\u00f3 int\u00e9zked\u00e9seket s\u00fcrgetett.&#13;\n&#13;\nA 14 uni\u00f3s tag\u00e1llamb\u00f3l sz\u00e1rmaz\u00f3 38 tagot, k\u00f6zt\u00fck 11 nagyv\u00e1llalatot, 23 KKV-t, 2 kutat\u00f3int\u00e9zetet, 6 nonprofit szervezetet \u00e9s 2 k\u00f6zint\u00e9zm\u00e9nyt t\u00f6m\u00f6r\u00edt\u0151 DOME konzorciumot v\u00e1lasztott\u00e1k ki, amelynek 36 h\u00f3nap alatt a k\u00f6vetkez\u0151 strat\u00e9giai tev\u00e9kenys\u00e9gei lesznek:<\/p>\n\n<ul>\n<li>Deploy the technical infrastructure of the marketplace platform, with strong customer focus, user-friendliness, and inclusion and equality principles;<\/li>\n\n\n\n<li>Operate the platform according to security, energy and resource efciency, data protection, ethical standards and portability requirements;<\/li>\n\n\n\n<li>Ensure the integration of state-of-the-art identity and access management services on the marketplace platform to support its operation;<\/li>\n\n\n\n<li>Design a curation\/vetting process for services offered on the marketplace, notably for sector-specic services in regulated sectors (e.g. health, energy, nance\u2026);<\/li>\n\n\n\n<li>Implement interconnections with similar marketplaces and service catalogues that already exist in some Member States;<\/li>\n\n\n\n<li>Enable access, through a single EU portal, to an online catalogue of existing cloud-to-edge based service offerings that are compliant with a pre-dened set of EU rules and requirements available in the forthcoming EU Cloud Rulebook;<\/li>\n\n\n\n<li>Implement a service brokerage functionality to enable transactions between providers and users to take place on the Marketplace; and<\/li>\n\n\n\n<li>Ensure a vendor-neutral technical architecture and reference framework.<\/li>\n<\/ul>\n\n<div style=\"height:30px\" aria-hidden=\"true\" class=\"wp-block-spacer\"><\/div>\n\n<h5 class=\"wp-block-heading\">Kulcsfontoss\u00e1g\u00fa \u00e9rt\u00e9kek: szuverenit\u00e1s, bizalom \u00e9s hiteless\u00e9g<\/h5>\n\n<p>Az EU piaci k\u00f6vetelm\u00e9nyeinek eleget t\u00e9ve, a DOME szolg\u00e1ltat\u00e1si katal\u00f3gus\u00e1nak min\u0151s\u00e9ge, a megb\u00edzhat\u00f3 inform\u00e1ci\u00f3k m\u00e1rkajel\u00e9v\u00e9 fogja tenni, a Gaia-X specifik\u00e1ci\u00f3kkal \u00f6sszehangolt ir\u00e1ny\u00edt\u00e1si mechanizmusok \u00e9s a bizalomra \u00e9p\u00fcl\u0151 tranzakci\u00f3k r\u00e9v\u00e9n.<\/p>\n\n<p>A DOME biztos\u00edtja az elfogulatlan versenyt \u00e9s a szigor\u00fa elad\u00f3i semlegess\u00e9get a szolg\u00e1ltat\u00e1sok piaci poz\u00edcion\u00e1l\u00e1s\u00e1ban. Azonos \u00fczleti lehet\u0151s\u00e9geket k\u00edn\u00e1l minden szerepl\u0151nek, egy mindenki sz\u00e1m\u00e1ra el\u0151ny\u00f6s modellben, amely tisztess\u00e9ges, nyitott \u00e9s megfelel a hat\u00e1lyos szab\u00e1lyoknak \u00e9s k\u00f6vetelm\u00e9nyeknek. &#13;\nLehet\u0151v\u00e9 teszi az eur\u00f3pai technol\u00f3giai szolg\u00e1ltat\u00f3k sz\u00e1m\u00e1ra, hogy \u00faj digit\u00e1lis szolg\u00e1ltat\u00e1sokat fejlesszenek ki, \u00e9s a legkorszer\u0171bb, mesters\u00e9ges intelligenci\u00e1val t\u00e1mogatott megold\u00e1sokat k\u00edn\u00e1ljanak a k\u00f6z- \u00e9s mag\u00e1nszektor termel\u00e9kenys\u00e9g\u00e9nek n\u00f6vel\u00e9se \u00e9s optimaliz\u00e1l\u00e1sa \u00e9rdek\u00e9ben.<\/p>\n\n<div style=\"height:30px\" aria-hidden=\"true\" class=\"wp-block-spacer\"><\/div>\n\n<h5 class=\"wp-block-heading\">14 uni\u00f3s orsz\u00e1g 38 konzorciumi tagja egyes\u00edtette er\u0151it<\/h5>\n\n<p>A DOME-t az <a href=\"https:\/\/www.eng.it\/en\/\">Engineering Ingegneria Informatica Spa<\/a> koordin\u00e1lja a <a href=\"https:\/\/www.fiware.org\/foundation\/\">FIWARE Foundation<\/a>-nel mint technikai koordin\u00e1torral egy\u00fcttm\u0171k\u00f6dve. A partners\u00e9gben olyan ipari, kutat\u00f3int\u00e9zeti \u00e9s akad\u00e9miai szervezetek vesznek r\u00e9szt, mint p\u00e9ld\u00e1ul: <a href=\"https:\/\/activage-association.org\/\">Active Ageing Association<\/a>; <a href=\"https:\/\/www.agh.edu.pl\/\">Akademia Gorniczo-Hutnicza<\/a>; <a href=\"https:\/\/beiaconsult.ro\/\">Beia Consult International<\/a>; <a href=\"https:\/\/cloudferro.com\/en\/\">Cloudferro<\/a>; <a href=\"https:\/\/alastria.io\/en\/home\/\">Consorcio Red Alastria<\/a>; <a href=\"https:\/\/www.csipiemonte.it\/en\">Consorzio Sistema Informativo<\/a>; <a href=\"https:\/\/www.dawex.com\/en\/\">Dawex<\/a>; <a href=\"https:\/\/www.dekra-akademie.de\/produkte\">Dekra Testing And Certification<\/a>; <a href=\"https:\/\/demetrix.com\/\">Demetrix<\/a>; <a href=\"https:\/\/digitanimal.com\/\">Digitanimal<\/a>; <a href=\"https:\/\/www.egroup.hu\/\">E-GROUP ICT SOFTWARE<\/a>; <a href=\"https:\/\/elliotcloud.com\/en\/\">Elliot Cloud<\/a>; <a href=\"https:\/\/www.eht.eu\/en\/\">Etna Hitech<\/a>; <a href=\"https:\/\/eurocrime.eu\/\">Eurocrime<\/a>; <a href=\"https:\/\/www.eurodyn.com\/\">European Dynamics<\/a>; <a href=\"https:\/\/www.expert.ai\/\">Expert.Ai S.P.A.<\/a>; <a href=\"https:\/\/fundingbox.com\/\">Fundingbox Research<\/a>; <a href=\"https:\/\/www.ficodes.com\/en\/\">Future Internet Consulting<\/a>; <a href=\"https:\/\/golem.at\/\">Golem<\/a>; <a href=\"https:\/\/hashnet.de\/\">Hashnet<\/a>; <a href=\"https:\/\/www.idom.com\/en\/\">Idom Consulting<\/a>; <a href=\"https:\/\/www.in2.es\/\">In 2 Ingenieria De La Informaci\u00f3n<\/a>; <a href=\"https:\/\/www.inno-focus.com\/en\/software-and-consulting-for-digitization-collaboration-and-industry-4-0\/\">Inno-Focus<\/a>; <a href=\"https:\/\/www.ionos.com\/\">Ionos<\/a>; <a href=\"https:\/\/www.libelium.com\/\">Libelium Comunicaciones<\/a>; <a href=\"https:\/\/www.nicos-ag.com\/\">Nicos Aktiengesellschaft<\/a>; <a href=\"https:\/\/www.orange-business.com\/en\">Orange<\/a>; <a href=\"https:\/\/en.outscale.com\/\">Outscale<\/a>; <a href=\"https:\/\/www.ponsip.com\/en\/\">Pons Ip Sa<\/a>; <a href=\"https:\/\/www.portel.es\/en\">Portel Logistic<\/a>; <a href=\"https:\/\/ishare.eu\/about-ishare\/the-foundation\/\">Stichting Ishare Foundation<\/a>; <a href=\"https:\/\/teamdev.com\/\">Teamdev<\/a>; <a href=\"https:\/\/www.tecnalia.com\/en\/\">Tecnalia Fundacion Research &amp; Innovation<\/a>; <a href=\"https:\/\/www.timelex.eu\/en\">Time.Lex<\/a>; <a href=\"https:\/\/www.top-ix.org\/en\/home-eng\/\">Torino E Piemonte Exchange<\/a>; <a href=\"https:\/\/www.ubiwhere.com\/\">Ubiwhere<\/a>.<\/p>\n\n<figure class=\"wp-block-image size-large\"><img decoding=\"async\" loading=\"lazy\" width=\"1024\" height=\"750\" src=\"https:\/\/www.egroup.hu\/wp-content\/uploads\/2023\/06\/dome_participant_logos-1024x750.jpg\" alt=\"\" class=\"wp-image-34832\" srcset=\"https:\/\/www.egroup.hu\/wp-content\/uploads\/2023\/06\/dome_participant_logos-1024x750.jpg 1024w, https:\/\/www.egroup.hu\/wp-content\/uploads\/2023\/06\/dome_participant_logos-300x220.jpg 300w, https:\/\/www.egroup.hu\/wp-content\/uploads\/2023\/06\/dome_participant_logos-768x562.jpg 768w, https:\/\/www.egroup.hu\/wp-content\/uploads\/2023\/06\/dome_participant_logos-1536x1124.jpg 1536w, https:\/\/www.egroup.hu\/wp-content\/uploads\/2023\/06\/dome_participant_logos.jpg 1948w\" sizes=\"(max-width: 1024px) 100vw, 1024px\" \/><\/figure>\n<p><strong>K\u00f6vessen minket<\/strong><br\/>&#13;\nOfficial <a href=\"https:\/\/dome-marketplace.eu\/\">website<\/a> and social media: <a href=\"https:\/\/www.linkedin.com\/company\/dome-marketplace\/about\/\">LinkedIn<\/a>, <a href=\"https:\/\/twitter.com\/DomeMarketplace\">Twitter<\/a>.<\/p>\n\n<figure class=\"wp-block-image size-full is-resized\"><img decoding=\"async\" loading=\"lazy\" src=\"https:\/\/www.egroup.hu\/wp-content\/uploads\/2023\/10\/co-founded-by-eu.png\" alt=\"\" class=\"wp-image-35307\" width=\"287\" height=\"60\" srcset=\"https:\/\/www.egroup.hu\/wp-content\/uploads\/2023\/10\/co-founded-by-eu.png 490w, https:\/\/www.egroup.hu\/wp-content\/uploads\/2023\/10\/co-founded-by-eu-300x63.png 300w\" sizes=\"(max-width: 287px) 100vw, 287px\" \/><\/figure>","protected":false},"excerpt":{"rendered":"<p>Az E-GROUP ICT SOFTWARE Zrt., (1993) a hazai adat, mesters\u00e9ges intelligencia \u00e9s adatv\u00e9delmi informatika ter\u00fclet\u00e9n vezet\u0151 innov\u00e1ci\u00f3s v\u00e1llalatk\u00e9nt k\u00e9pviseli Magyarorsz\u00e1got az Eur\u00f3pai Uni\u00f3 leg\u00fajabb, DOME (Distributed Open Marketplace for Cloud and Edge Services) elnevez\u00e9s\u0171 projektj\u00e9ben. A c\u00e9l az eur\u00f3pai felh\u0151alap\u00fa (cloud-to-edge) infrastrukt\u00fara \u00e9s szolg\u00e1ltat\u00e1sok t\u00e1mogat\u00e1sa, ennek keret\u00e9ben egy egys\u00e9ges hozz\u00e1f\u00e9r\u00e9si port\u00e1l l\u00e9trehoz\u00e1sa.<\/p>\n","protected":false},"author":1,"featured_media":34841,"comment_status":"closed","ping_status":"open","sticky":false,"template":"","format":"standard","meta":[],"categories":[90,184],"tags":[],"yoast_head":"<!-- This site is optimized with the Yoast SEO plugin v20.12 - https:\/\/yoast.com\/wordpress\/plugins\/seo\/ -->\n<title>DOME, az EU \u00faj informatikai felh\u0151projektje, a magyar E-GROUP kiemelt r\u00e9szv\u00e9tel\u00e9vel - E-Group<\/title>\n<meta name=\"robots\" content=\"index, follow, max-snippet:-1, max-image-preview:large, max-video-preview:-1\" \/>\n<link rel=\"canonical\" href=\"https:\/\/www.egroup.hu\/hu\/dome-az-eu-uj-informatikai-felhoprojektje-a-magyar-e-group-kiemelt-reszvetelevel\/\" \/>\n<meta property=\"og:locale\" content=\"hu_HU\" \/>\n<meta property=\"og:type\" content=\"article\" \/>\n<meta property=\"og:title\" content=\"DOME, az EU \u00faj informatikai felh\u0151projektje, a magyar E-GROUP kiemelt r\u00e9szv\u00e9tel\u00e9vel - E-Group\" \/>\n<meta property=\"og:description\" content=\"Az E-GROUP ICT SOFTWARE Zrt., (1993) a hazai adat, mesters\u00e9ges intelligencia \u00e9s adatv\u00e9delmi informatika ter\u00fclet\u00e9n vezet\u0151 innov\u00e1ci\u00f3s v\u00e1llalatk\u00e9nt k\u00e9pviseli Magyarorsz\u00e1got az Eur\u00f3pai Uni\u00f3 leg\u00fajabb, DOME (Distributed Open Marketplace for Cloud and Edge Services) elnevez\u00e9s\u0171 projektj\u00e9ben. A c\u00e9l az eur\u00f3pai felh\u0151alap\u00fa (cloud-to-edge) infrastrukt\u00fara \u00e9s szolg\u00e1ltat\u00e1sok t\u00e1mogat\u00e1sa, ennek keret\u00e9ben egy egys\u00e9ges hozz\u00e1f\u00e9r\u00e9si port\u00e1l l\u00e9trehoz\u00e1sa.\" \/>\n<meta property=\"og:url\" content=\"https:\/\/www.egroup.hu\/hu\/dome-az-eu-uj-informatikai-felhoprojektje-a-magyar-e-group-kiemelt-reszvetelevel\/\" \/>\n<meta property=\"og:site_name\" content=\"E-Group\" \/>\n<meta property=\"article:published_time\" content=\"2023-06-15T13:42:28+00:00\" \/>\n<meta property=\"article:modified_time\" content=\"2023-10-09T10:33:44+00:00\" \/>\n<meta property=\"og:image\" content=\"https:\/\/www.egroup.hu\/wp-content\/uploads\/2023\/06\/post-dome.jpg\" \/>\n\t<meta property=\"og:image:width\" content=\"780\" \/>\n\t<meta property=\"og:image:height\" content=\"470\" \/>\n\t<meta property=\"og:image:type\" content=\"image\/jpeg\" \/>\n<meta name=\"author\" content=\"sandboxadmin\" \/>\n<meta name=\"twitter:card\" content=\"summary_large_image\" \/>\n<meta name=\"twitter:label1\" content=\"Szerz\u0151:\" \/>\n\t<meta name=\"twitter:data1\" content=\"sandboxadmin\" \/>\n\t<meta name=\"twitter:label2\" content=\"Becs\u00fclt olvas\u00e1si id\u0151\" \/>\n\t<meta name=\"twitter:data2\" content=\"5 perc\" \/>\n<script type=\"application\/ld+json\" class=\"yoast-schema-graph\">{\"@context\":\"https:\/\/schema.org\",\"@graph\":[{\"@type\":\"WebPage\",\"@id\":\"https:\/\/www.egroup.hu\/hu\/dome-az-eu-uj-informatikai-felhoprojektje-a-magyar-e-group-kiemelt-reszvetelevel\/\",\"url\":\"https:\/\/www.egroup.hu\/hu\/dome-az-eu-uj-informatikai-felhoprojektje-a-magyar-e-group-kiemelt-reszvetelevel\/\",\"name\":\"DOME, az EU \u00faj informatikai felh\u0151projektje, a magyar E-GROUP kiemelt r\u00e9szv\u00e9tel\u00e9vel - E-Group\",\"isPartOf\":{\"@id\":\"https:\/\/www.egroup.hu\/hu\/#website\"},\"datePublished\":\"2023-06-15T13:42:28+00:00\",\"dateModified\":\"2023-10-09T10:33:44+00:00\",\"author\":{\"@id\":\"https:\/\/www.egroup.hu\/hu\/#\/schema\/person\/4d63e16698f48c46b8cfdf5bc06b266a\"},\"inLanguage\":\"hu\",\"potentialAction\":[{\"@type\":\"ReadAction\",\"target\":[\"https:\/\/www.egroup.hu\/hu\/dome-az-eu-uj-informatikai-felhoprojektje-a-magyar-e-group-kiemelt-reszvetelevel\/\"]}]},{\"@type\":\"WebSite\",\"@id\":\"https:\/\/www.egroup.hu\/hu\/#website\",\"url\":\"https:\/\/www.egroup.hu\/hu\/\",\"name\":\"E-Group\",\"description\":\"E-Group ICT Software\",\"potentialAction\":[{\"@type\":\"SearchAction\",\"target\":{\"@type\":\"EntryPoint\",\"urlTemplate\":\"https:\/\/www.egroup.hu\/hu\/?s={search_term_string}\"},\"query-input\":\"required name=search_term_string\"}],\"inLanguage\":\"hu\"},{\"@type\":\"Person\",\"@id\":\"https:\/\/www.egroup.hu\/hu\/#\/schema\/person\/4d63e16698f48c46b8cfdf5bc06b266a\",\"name\":\"sandboxadmin\",\"image\":{\"@type\":\"ImageObject\",\"inLanguage\":\"hu\",\"@id\":\"https:\/\/www.egroup.hu\/hu\/#\/schema\/person\/image\/\",\"url\":\"https:\/\/secure.gravatar.com\/avatar\/a7b669a0127a212c4b535dd61c0b38cd?s=96&d=mm&r=g\",\"contentUrl\":\"https:\/\/secure.gravatar.com\/avatar\/a7b669a0127a212c4b535dd61c0b38cd?s=96&d=mm&r=g\",\"caption\":\"sandboxadmin\"},\"sameAs\":[\"https:\/\/www.egroup.hu\"],\"url\":\"https:\/\/www.egroup.hu\/hu\/author\/sandboxadmin\/\"}]}<\/script>\n<!-- \/ Yoast SEO plugin. -->","yoast_head_json":{"title":"DOME, az EU \u00faj informatikai felh\u0151projektje, a magyar E-GROUP kiemelt r\u00e9szv\u00e9tel\u00e9vel - E-Group","robots":{"index":"index","follow":"follow","max-snippet":"max-snippet:-1","max-image-preview":"max-image-preview:large","max-video-preview":"max-video-preview:-1"},"canonical":"https:\/\/www.egroup.hu\/hu\/dome-az-eu-uj-informatikai-felhoprojektje-a-magyar-e-group-kiemelt-reszvetelevel\/","og_locale":"hu_HU","og_type":"article","og_title":"DOME, az EU \u00faj informatikai felh\u0151projektje, a magyar E-GROUP kiemelt r\u00e9szv\u00e9tel\u00e9vel - E-Group","og_description":"Az E-GROUP ICT SOFTWARE Zrt., (1993) a hazai adat, mesters\u00e9ges intelligencia \u00e9s adatv\u00e9delmi informatika ter\u00fclet\u00e9n vezet\u0151 innov\u00e1ci\u00f3s v\u00e1llalatk\u00e9nt k\u00e9pviseli Magyarorsz\u00e1got az Eur\u00f3pai Uni\u00f3 leg\u00fajabb, DOME (Distributed Open Marketplace for Cloud and Edge Services) elnevez\u00e9s\u0171 projektj\u00e9ben. A c\u00e9l az eur\u00f3pai felh\u0151alap\u00fa (cloud-to-edge) infrastrukt\u00fara \u00e9s szolg\u00e1ltat\u00e1sok t\u00e1mogat\u00e1sa, ennek keret\u00e9ben egy egys\u00e9ges hozz\u00e1f\u00e9r\u00e9si port\u00e1l l\u00e9trehoz\u00e1sa.","og_url":"https:\/\/www.egroup.hu\/hu\/dome-az-eu-uj-informatikai-felhoprojektje-a-magyar-e-group-kiemelt-reszvetelevel\/","og_site_name":"E-Group","article_published_time":"2023-06-15T13:42:28+00:00","article_modified_time":"2023-10-09T10:33:44+00:00","og_image":[{"width":780,"height":470,"url":"https:\/\/www.egroup.hu\/wp-content\/uploads\/2023\/06\/post-dome.jpg","type":"image\/jpeg"}],"author":"sandboxadmin","twitter_card":"summary_large_image","twitter_misc":{"Szerz\u0151:":"sandboxadmin","Becs\u00fclt olvas\u00e1si id\u0151":"5 perc"},"schema":{"@context":"https:\/\/schema.org","@graph":[{"@type":"WebPage","@id":"https:\/\/www.egroup.hu\/hu\/dome-az-eu-uj-informatikai-felhoprojektje-a-magyar-e-group-kiemelt-reszvetelevel\/","url":"https:\/\/www.egroup.hu\/hu\/dome-az-eu-uj-informatikai-felhoprojektje-a-magyar-e-group-kiemelt-reszvetelevel\/","name":"DOME, az EU \u00faj informatikai felh\u0151projektje, a magyar E-GROUP kiemelt r\u00e9szv\u00e9tel\u00e9vel - E-Group","isPartOf":{"@id":"https:\/\/www.egroup.hu\/hu\/#website"},"datePublished":"2023-06-15T13:42:28+00:00","dateModified":"2023-10-09T10:33:44+00:00","author":{"@id":"https:\/\/www.egroup.hu\/hu\/#\/schema\/person\/4d63e16698f48c46b8cfdf5bc06b266a"},"inLanguage":"hu","potentialAction":[{"@type":"ReadAction","target":["https:\/\/www.egroup.hu\/hu\/dome-az-eu-uj-informatikai-felhoprojektje-a-magyar-e-group-kiemelt-reszvetelevel\/"]}]},{"@type":"WebSite","@id":"https:\/\/www.egroup.hu\/hu\/#website","url":"https:\/\/www.egroup.hu\/hu\/","name":"E-Group","description":"E-Group ICT Software","potentialAction":[{"@type":"SearchAction","target":{"@type":"EntryPoint","urlTemplate":"https:\/\/www.egroup.hu\/hu\/?s={search_term_string}"},"query-input":"required name=search_term_string"}],"inLanguage":"hu"},{"@type":"Person","@id":"https:\/\/www.egroup.hu\/hu\/#\/schema\/person\/4d63e16698f48c46b8cfdf5bc06b266a","name":"sandboxadmin","image":{"@type":"ImageObject","inLanguage":"hu","@id":"https:\/\/www.egroup.hu\/hu\/#\/schema\/person\/image\/","url":"https:\/\/secure.gravatar.com\/avatar\/a7b669a0127a212c4b535dd61c0b38cd?s=96&d=mm&r=g","contentUrl":"https:\/\/secure.gravatar.com\/avatar\/a7b669a0127a212c4b535dd61c0b38cd?s=96&d=mm&r=g","caption":"sandboxadmin"},"sameAs":["https:\/\/www.egroup.hu"],"url":"https:\/\/www.egroup.hu\/hu\/author\/sandboxadmin\/"}]}},"_links":{"self":[{"href":"https:\/\/www.egroup.hu\/hu\/wp-json\/wp\/v2\/posts\/34848"}],"collection":[{"href":"https:\/\/www.egroup.hu\/hu\/wp-json\/wp\/v2\/posts"}],"about":[{"href":"https:\/\/www.egroup.hu\/hu\/wp-json\/wp\/v2\/types\/post"}],"author":[{"embeddable":true,"href":"https:\/\/www.egroup.hu\/hu\/wp-json\/wp\/v2\/users\/1"}],"replies":[{"embeddable":true,"href":"https:\/\/www.egroup.hu\/hu\/wp-json\/wp\/v2\/comments?post=34848"}],"version-history":[{"count":7,"href":"https:\/\/www.egroup.hu\/hu\/wp-json\/wp\/v2\/posts\/34848\/revisions"}],"predecessor-version":[{"id":35322,"href":"https:\/\/www.egroup.hu\/hu\/wp-json\/wp\/v2\/posts\/34848\/revisions\/35322"}],"wp:featuredmedia":[{"embeddable":true,"href":"https:\/\/www.egroup.hu\/hu\/wp-json\/wp\/v2\/media\/34841"}],"wp:attachment":[{"href":"https:\/\/www.egroup.hu\/hu\/wp-json\/wp\/v2\/media?parent=34848"}],"wp:term":[{"taxonomy":"category","embeddable":true,"href":"https:\/\/www.egroup.hu\/hu\/wp-json\/wp\/v2\/categories?post=34848"},{"taxonomy":"post_tag","embeddable":true,"href":"https:\/\/www.egroup.hu\/hu\/wp-json\/wp\/v2\/tags?post=34848"}],"curies":[{"name":"wp","href":"https:\/\/api.w.org\/{rel}","templated":true}]}}