{"id":24828,"date":"2021-10-19T08:12:24","date_gmt":"2021-10-19T08:12:24","guid":{"rendered":"https:\/\/BC2552B1-C492-4C0B-B917-B171826D2E00"},"modified":"2022-04-28T11:10:18","modified_gmt":"2022-04-28T11:10:18","slug":"kulonleges-installacioval-varjuk-ont-az-idei-infoter-konferencian","status":"publish","type":"post","link":"https:\/\/www.egroup.hu\/hu\/kulonleges-installacioval-varjuk-ont-az-idei-infoter-konferencian\/","title":{"rendered":"K\u00fcl\u00f6nleges install\u00e1ci\u00f3val v\u00e1rjuk \u00d6nt az idei Inf\u00f3t\u00e9r Konferenci\u00e1n"},"content":{"rendered":"\n<p>Az ICT szektor gyors \u00e9s m\u00e9lyrehat\u00f3 v\u00e1ltoz\u00e1sokon ment kereszt\u00fcl t\u00f6bbek k\u00f6z\u00f6tt a pand\u00e9mia hat\u00e1s\u00e1ra, a <a href=\"https:\/\/konferencia.infoter.eu\/\" target=\"_blank\" rel=\"noreferrer noopener\">12. Infot\u00e9r Konferencia<\/a> ezeket a v\u00e1ltoz\u00e1sokat \u00e9rtelmezi \u00e9s keres v\u00e1laszokat kialakult k\u00e9rd\u00e9sekre, kih\u00edv\u00e1sokra. A rendezv\u00e9ny legf\u0151bb t\u00e9m\u00e1i k\u00f6z\u00e9 tartozik az adat \u00e9s mesters\u00e9ges intelligencia, a gazdas\u00e1g digitaliz\u00e1ci\u00f3ja, az e-k\u00f6zigazgat\u00e1s, az oktat\u00e1s, a h\u00e1l\u00f3zatfejleszt\u00e9s, a digit\u00e1lis turizmus \u00e9s agr\u00e1rium \u00e9s a nemzeti \u0171rstrat\u00e9gia tervei is.<\/p>\n\n<p>Kuthy Antal vez\u00e9rigazgat\u00f3nkkal az \u201eAdat \u00e9s MI \u2013 alkalmaz\u00e1s \u00e9s j\u00f6v\u0151\u201d c\u00edm\u0171 panelbesz\u00e9lget\u00e9sben tal\u00e1lkozhatnak \u00e9l\u0151ben 2021.okt\u00f3ber 20.<sup>-\u00e1n<\/sup>, 14:30-t\u00f3l. Az adatbiztons\u00e1g, az adatkezel\u00e9s \u00e9s az adattudom\u00e1ny ter\u00fcletein szerzett <a href=\"https:\/\/www.egroup.hu\/hu\/szolgaltatasok\/\" target=\"_blank\" rel=\"noreferrer noopener\">interdiszciplin\u00e1ris kompetenci\u00e1nk<\/a> teszi lehet\u0151v\u00e9, hogy az adatokat tud\u00e1ss\u00e1 \u00e9s adatvagyonn\u00e1 alak\u00edtsuk. Az adatintenz\u00edv mesters\u00e9ges intelligencia m\u00f3dszerek \u00e9s rendszerek megold\u00e1saink szerves r\u00e9sz\u00e9t k\u00e9pezik, melyek k\u00e9zzel foghat\u00f3 eredm\u00e9nyekhez vezettek m\u00e1r.<\/p>\n\n<p>A megfelel\u0151en kiv\u00e1laszt\u00f3t technol\u00f3gia \u00e9s adatintenz\u00edv mesters\u00e9ges intelligencia megold\u00e1sok egy\u00fcttes felhaszn\u00e1l\u00e1sa kor\u00e1bban ismeretlen lehet\u0151s\u00e9gek sz\u00e9les k\u00f6r\u00e9t teszi el\u00e9rhet\u0151v\u00e9 az \u00e1llami, k\u00f6zigazgat\u00e1si \u00e9s mag\u00e1n szektorban tev\u00e9kenyked\u0151 int\u00e9zm\u00e9nyek \u00e9s c\u00e9gek sz\u00e1m\u00e1ra, t\u00falz\u00e1s n\u00e9lk\u00fcl: a hat\u00e1r a csillagos \u00e9g. Idei mott\u00f3nk \u00e9s a nemzetk\u00f6zi vil\u00e1g\u0171r hete is adta az aprop\u00f3j\u00e1t az Inf\u00f3t\u00e9ren fel\u00e1ll\u00edt\u00e1sra ker\u00fcl\u0151 install\u00e1ci\u00f3nknak. Tal\u00e1lkozzunk az 2021-es Inf\u00f3t\u00e9r Konferenci\u00e1n!   <\/p>\n","protected":false},"excerpt":{"rendered":"<p>A megfelel\u0151en kiv\u00e1laszt\u00f3t technol\u00f3gia \u00e9s adatintenz\u00edv mesters\u00e9ges intelligencia megold\u00e1sok egy\u00fcttes felhaszn\u00e1l\u00e1sa kor\u00e1bban ismeretlen lehet\u0151s\u00e9gek sz\u00e9les k\u00f6r\u00e9t teszi el\u00e9rhet\u0151v\u00e9 az \u00e1llami, k\u00f6zigazgat\u00e1si \u00e9s mag\u00e1n szektorban tev\u00e9kenyked\u0151 int\u00e9zm\u00e9nyek \u00e9s c\u00e9gek sz\u00e1m\u00e1ra, t\u00falz\u00e1s n\u00e9lk\u00fcl: a hat\u00e1r a csillagos \u00e9g.<\/p>\n","protected":false},"author":1,"featured_media":24825,"comment_status":"closed","ping_status":"open","sticky":false,"template":"","format":"standard","meta":[],"categories":[215,216,185,186,187,184,224,194,214],"tags":[441,338],"yoast_head":"<!-- This site is optimized with the Yoast SEO plugin v20.12 - https:\/\/yoast.com\/wordpress\/plugins\/seo\/ -->\n<title>K\u00fcl\u00f6nleges install\u00e1ci\u00f3val v\u00e1rjuk \u00d6nt az idei Inf\u00f3t\u00e9r Konferenci\u00e1n<\/title>\n<meta name=\"description\" content=\"K\u00fcl\u00f6nleges install\u00e1ci\u00f3val v\u00e1rjuk \u00d6nt az idei Inf\u00f3t\u00e9r Konferenci\u00e1n. Kuthy Antal vez\u00e9rigazgat\u00f3k szerepel egy \u00e9l\u0151 panelbesz\u00e9lget\u00e9sben.\" \/>\n<meta name=\"robots\" content=\"index, follow, max-snippet:-1, max-image-preview:large, max-video-preview:-1\" \/>\n<link rel=\"canonical\" href=\"https:\/\/www.egroup.hu\/hu\/kulonleges-installacioval-varjuk-ont-az-idei-infoter-konferencian\/\" \/>\n<meta property=\"og:locale\" content=\"hu_HU\" \/>\n<meta property=\"og:type\" content=\"article\" \/>\n<meta property=\"og:title\" content=\"K\u00fcl\u00f6nleges install\u00e1ci\u00f3val v\u00e1rjuk \u00d6nt az idei Inf\u00f3t\u00e9r Konferenci\u00e1n\" \/>\n<meta property=\"og:description\" content=\"K\u00fcl\u00f6nleges install\u00e1ci\u00f3val v\u00e1rjuk \u00d6nt az idei Inf\u00f3t\u00e9r Konferenci\u00e1n. Kuthy Antal vez\u00e9rigazgat\u00f3k szerepel egy \u00e9l\u0151 panelbesz\u00e9lget\u00e9sben.\" \/>\n<meta property=\"og:url\" content=\"https:\/\/www.egroup.hu\/hu\/kulonleges-installacioval-varjuk-ont-az-idei-infoter-konferencian\/\" \/>\n<meta property=\"og:site_name\" content=\"E-Group\" \/>\n<meta property=\"article:published_time\" content=\"2021-10-19T08:12:24+00:00\" \/>\n<meta property=\"article:modified_time\" content=\"2022-04-28T11:10:18+00:00\" \/>\n<meta property=\"og:image\" content=\"https:\/\/www.egroup.hu\/wp-content\/uploads\/2021\/10\/MicrosoftTeams-image-9.jpg\" \/>\n\t<meta property=\"og:image:width\" content=\"1405\" \/>\n\t<meta property=\"og:image:height\" content=\"800\" \/>\n\t<meta property=\"og:image:type\" content=\"image\/jpeg\" \/>\n<meta name=\"author\" content=\"sandboxadmin\" \/>\n<meta name=\"twitter:card\" content=\"summary_large_image\" \/>\n<meta name=\"twitter:label1\" content=\"Szerz\u0151:\" \/>\n\t<meta name=\"twitter:data1\" content=\"sandboxadmin\" \/>\n\t<meta name=\"twitter:label2\" content=\"Becs\u00fclt olvas\u00e1si id\u0151\" \/>\n\t<meta name=\"twitter:data2\" content=\"1 perc\" \/>\n<script type=\"application\/ld+json\" class=\"yoast-schema-graph\">{\"@context\":\"https:\/\/schema.org\",\"@graph\":[{\"@type\":\"WebPage\",\"@id\":\"https:\/\/www.egroup.hu\/hu\/kulonleges-installacioval-varjuk-ont-az-idei-infoter-konferencian\/\",\"url\":\"https:\/\/www.egroup.hu\/hu\/kulonleges-installacioval-varjuk-ont-az-idei-infoter-konferencian\/\",\"name\":\"K\u00fcl\u00f6nleges install\u00e1ci\u00f3val v\u00e1rjuk \u00d6nt az idei Inf\u00f3t\u00e9r Konferenci\u00e1n\",\"isPartOf\":{\"@id\":\"https:\/\/www.egroup.hu\/hu\/#website\"},\"datePublished\":\"2021-10-19T08:12:24+00:00\",\"dateModified\":\"2022-04-28T11:10:18+00:00\",\"author\":{\"@id\":\"https:\/\/www.egroup.hu\/hu\/#\/schema\/person\/4d63e16698f48c46b8cfdf5bc06b266a\"},\"description\":\"K\u00fcl\u00f6nleges install\u00e1ci\u00f3val v\u00e1rjuk \u00d6nt az idei Inf\u00f3t\u00e9r Konferenci\u00e1n. Kuthy Antal vez\u00e9rigazgat\u00f3k szerepel egy \u00e9l\u0151 panelbesz\u00e9lget\u00e9sben.\",\"inLanguage\":\"hu\",\"potentialAction\":[{\"@type\":\"ReadAction\",\"target\":[\"https:\/\/www.egroup.hu\/hu\/kulonleges-installacioval-varjuk-ont-az-idei-infoter-konferencian\/\"]}]},{\"@type\":\"WebSite\",\"@id\":\"https:\/\/www.egroup.hu\/hu\/#website\",\"url\":\"https:\/\/www.egroup.hu\/hu\/\",\"name\":\"E-Group\",\"description\":\"E-Group ICT Software\",\"potentialAction\":[{\"@type\":\"SearchAction\",\"target\":{\"@type\":\"EntryPoint\",\"urlTemplate\":\"https:\/\/www.egroup.hu\/hu\/?s={search_term_string}\"},\"query-input\":\"required name=search_term_string\"}],\"inLanguage\":\"hu\"},{\"@type\":\"Person\",\"@id\":\"https:\/\/www.egroup.hu\/hu\/#\/schema\/person\/4d63e16698f48c46b8cfdf5bc06b266a\",\"name\":\"sandboxadmin\",\"image\":{\"@type\":\"ImageObject\",\"inLanguage\":\"hu\",\"@id\":\"https:\/\/www.egroup.hu\/hu\/#\/schema\/person\/image\/\",\"url\":\"https:\/\/secure.gravatar.com\/avatar\/a7b669a0127a212c4b535dd61c0b38cd?s=96&d=mm&r=g\",\"contentUrl\":\"https:\/\/secure.gravatar.com\/avatar\/a7b669a0127a212c4b535dd61c0b38cd?s=96&d=mm&r=g\",\"caption\":\"sandboxadmin\"},\"sameAs\":[\"https:\/\/www.egroup.hu\"],\"url\":\"https:\/\/www.egroup.hu\/hu\/author\/sandboxadmin\/\"}]}<\/script>\n<!-- \/ Yoast SEO plugin. -->","yoast_head_json":{"title":"K\u00fcl\u00f6nleges install\u00e1ci\u00f3val v\u00e1rjuk \u00d6nt az idei Inf\u00f3t\u00e9r Konferenci\u00e1n","description":"K\u00fcl\u00f6nleges install\u00e1ci\u00f3val v\u00e1rjuk \u00d6nt az idei Inf\u00f3t\u00e9r Konferenci\u00e1n. Kuthy Antal vez\u00e9rigazgat\u00f3k szerepel egy \u00e9l\u0151 panelbesz\u00e9lget\u00e9sben.","robots":{"index":"index","follow":"follow","max-snippet":"max-snippet:-1","max-image-preview":"max-image-preview:large","max-video-preview":"max-video-preview:-1"},"canonical":"https:\/\/www.egroup.hu\/hu\/kulonleges-installacioval-varjuk-ont-az-idei-infoter-konferencian\/","og_locale":"hu_HU","og_type":"article","og_title":"K\u00fcl\u00f6nleges install\u00e1ci\u00f3val v\u00e1rjuk \u00d6nt az idei Inf\u00f3t\u00e9r Konferenci\u00e1n","og_description":"K\u00fcl\u00f6nleges install\u00e1ci\u00f3val v\u00e1rjuk \u00d6nt az idei Inf\u00f3t\u00e9r Konferenci\u00e1n. Kuthy Antal vez\u00e9rigazgat\u00f3k szerepel egy \u00e9l\u0151 panelbesz\u00e9lget\u00e9sben.","og_url":"https:\/\/www.egroup.hu\/hu\/kulonleges-installacioval-varjuk-ont-az-idei-infoter-konferencian\/","og_site_name":"E-Group","article_published_time":"2021-10-19T08:12:24+00:00","article_modified_time":"2022-04-28T11:10:18+00:00","og_image":[{"width":1405,"height":800,"url":"https:\/\/www.egroup.hu\/wp-content\/uploads\/2021\/10\/MicrosoftTeams-image-9.jpg","type":"image\/jpeg"}],"author":"sandboxadmin","twitter_card":"summary_large_image","twitter_misc":{"Szerz\u0151:":"sandboxadmin","Becs\u00fclt olvas\u00e1si id\u0151":"1 perc"},"schema":{"@context":"https:\/\/schema.org","@graph":[{"@type":"WebPage","@id":"https:\/\/www.egroup.hu\/hu\/kulonleges-installacioval-varjuk-ont-az-idei-infoter-konferencian\/","url":"https:\/\/www.egroup.hu\/hu\/kulonleges-installacioval-varjuk-ont-az-idei-infoter-konferencian\/","name":"K\u00fcl\u00f6nleges install\u00e1ci\u00f3val v\u00e1rjuk \u00d6nt az idei Inf\u00f3t\u00e9r Konferenci\u00e1n","isPartOf":{"@id":"https:\/\/www.egroup.hu\/hu\/#website"},"datePublished":"2021-10-19T08:12:24+00:00","dateModified":"2022-04-28T11:10:18+00:00","author":{"@id":"https:\/\/www.egroup.hu\/hu\/#\/schema\/person\/4d63e16698f48c46b8cfdf5bc06b266a"},"description":"K\u00fcl\u00f6nleges install\u00e1ci\u00f3val v\u00e1rjuk \u00d6nt az idei Inf\u00f3t\u00e9r Konferenci\u00e1n. Kuthy Antal vez\u00e9rigazgat\u00f3k szerepel egy \u00e9l\u0151 panelbesz\u00e9lget\u00e9sben.","inLanguage":"hu","potentialAction":[{"@type":"ReadAction","target":["https:\/\/www.egroup.hu\/hu\/kulonleges-installacioval-varjuk-ont-az-idei-infoter-konferencian\/"]}]},{"@type":"WebSite","@id":"https:\/\/www.egroup.hu\/hu\/#website","url":"https:\/\/www.egroup.hu\/hu\/","name":"E-Group","description":"E-Group ICT Software","potentialAction":[{"@type":"SearchAction","target":{"@type":"EntryPoint","urlTemplate":"https:\/\/www.egroup.hu\/hu\/?s={search_term_string}"},"query-input":"required name=search_term_string"}],"inLanguage":"hu"},{"@type":"Person","@id":"https:\/\/www.egroup.hu\/hu\/#\/schema\/person\/4d63e16698f48c46b8cfdf5bc06b266a","name":"sandboxadmin","image":{"@type":"ImageObject","inLanguage":"hu","@id":"https:\/\/www.egroup.hu\/hu\/#\/schema\/person\/image\/","url":"https:\/\/secure.gravatar.com\/avatar\/a7b669a0127a212c4b535dd61c0b38cd?s=96&d=mm&r=g","contentUrl":"https:\/\/secure.gravatar.com\/avatar\/a7b669a0127a212c4b535dd61c0b38cd?s=96&d=mm&r=g","caption":"sandboxadmin"},"sameAs":["https:\/\/www.egroup.hu"],"url":"https:\/\/www.egroup.hu\/hu\/author\/sandboxadmin\/"}]}},"_links":{"self":[{"href":"https:\/\/www.egroup.hu\/hu\/wp-json\/wp\/v2\/posts\/24828"}],"collection":[{"href":"https:\/\/www.egroup.hu\/hu\/wp-json\/wp\/v2\/posts"}],"about":[{"href":"https:\/\/www.egroup.hu\/hu\/wp-json\/wp\/v2\/types\/post"}],"author":[{"embeddable":true,"href":"https:\/\/www.egroup.hu\/hu\/wp-json\/wp\/v2\/users\/1"}],"replies":[{"embeddable":true,"href":"https:\/\/www.egroup.hu\/hu\/wp-json\/wp\/v2\/comments?post=24828"}],"version-history":[{"count":10,"href":"https:\/\/www.egroup.hu\/hu\/wp-json\/wp\/v2\/posts\/24828\/revisions"}],"predecessor-version":[{"id":25552,"href":"https:\/\/www.egroup.hu\/hu\/wp-json\/wp\/v2\/posts\/24828\/revisions\/25552"}],"wp:featuredmedia":[{"embeddable":true,"href":"https:\/\/www.egroup.hu\/hu\/wp-json\/wp\/v2\/media\/24825"}],"wp:attachment":[{"href":"https:\/\/www.egroup.hu\/hu\/wp-json\/wp\/v2\/media?parent=24828"}],"wp:term":[{"taxonomy":"category","embeddable":true,"href":"https:\/\/www.egroup.hu\/hu\/wp-json\/wp\/v2\/categories?post=24828"},{"taxonomy":"post_tag","embeddable":true,"href":"https:\/\/www.egroup.hu\/hu\/wp-json\/wp\/v2\/tags?post=24828"}],"curies":[{"name":"wp","href":"https:\/\/api.w.org\/{rel}","templated":true}]}}